{"id":4363,"date":"2023-06-27T13:54:30","date_gmt":"2023-06-27T11:54:30","guid":{"rendered":"https:\/\/www.gesw.de\/?p=4363"},"modified":"2023-12-30T17:49:29","modified_gmt":"2023-12-30T15:49:29","slug":"foerderung-der-resilienz-in-weiterbildungseinrichtungen","status":"publish","type":"post","link":"https:\/\/www.gesw.de\/index.php\/2023\/06\/27\/foerderung-der-resilienz-in-weiterbildungseinrichtungen\/","title":{"rendered":"F\u00f6rderung der Resilienz in Weiterbildungseinrichtungen"},"content":{"rendered":"\n<p><strong>Jannik Struckmeyer<\/strong><\/p>\n\n\n\n<p>Die Corona-Pandemie bedeutete f\u00fcr uns als Bildungsinstitut \u00fcber einen langen Zeitraum hinweg eine gro\u00dfe Krise. \u00dcber viele Monate durften wir keine Kurse anbieten und mussten uns an stark ver\u00e4nderte Rahmenbedingungen anpassen. Angesichts der vergangenen Krisen und Umbr\u00fcche und der zuk\u00fcnftigen Aufgaben ist Resilienz f\u00fcr uns, das Gesamteurop\u00e4ische Studienwerk, ein zentrales Thema. Wir m\u00f6chten den Aufgaben und Krisen in der Gegenwart und Zukunft gewachsen sein und mit Widerstandsf\u00e4higkeit begegnen. Neue Themen, Methoden und Technik einzubeziehen, bleiben eine Daueraufgabe. An allererster Stelle steht f\u00fcr uns, weiterhin attraktive Seminare anbieten zu k\u00f6nnen.<\/p>\n\n\n\n<!--more-->\n\n\n\n<p>Auf diesem Weg erhalten wir eine Begleitung durch das Projekt <strong>\u201e<\/strong><strong>Ausbalanciert durch Weiterbildung<\/strong><strong> &#8211; <\/strong><strong>Resilient und zukunftsoffen\u201c<\/strong> der LAAW NRW und der AWO, gef\u00f6rdert durch das Landesministerium f\u00fcr Kultur und Wissenschaft NRW. F\u00fcr diese M\u00f6glichkeit, unsere Resilienz zu st\u00e4rken, sind wir den Tr\u00e4gern und F\u00f6rderstellen des Projektes sehr dankbar. Bei diesem Prozess der Organisationsentwicklung beteiligen sich alle Bereiche, von der K\u00fcche und Hausleitung \u00fcber die Verwaltung bis zu den Dozent*innen.<\/p>\n\n\n\n<figure class=\"wp-block-gallery has-nested-images columns-default is-cropped wp-block-gallery-1 is-layout-flex wp-block-gallery-is-layout-flex\">\n<figure class=\"wp-block-image size-large\"><a href=\"https:\/\/www.gesw.de\/uploads\/lego2.jpg\" data-rel=\"lightbox-image-0\" data-imagelightbox=\"0\" data-rl_title=\"\" data-rl_caption=\"\" title=\"\"><img loading=\"lazy\" decoding=\"async\" width=\"756\" height=\"560\" data-id=\"4364\" src=\"https:\/\/www.gesw.de\/uploads\/lego2.jpg\" alt=\"\" class=\"wp-image-4364\" srcset=\"https:\/\/www.gesw.de\/uploads\/lego2.jpg 756w, https:\/\/www.gesw.de\/uploads\/lego2-300x222.jpg 300w\" sizes=\"auto, (max-width: 756px) 100vw, 756px\" \/><\/a><\/figure>\n\n\n\n<figure class=\"wp-block-image size-large\"><a href=\"https:\/\/www.gesw.de\/uploads\/lego1.jpg\" data-rel=\"lightbox-image-1\" data-imagelightbox=\"1\" data-rl_title=\"\" data-rl_caption=\"\" title=\"\"><img loading=\"lazy\" decoding=\"async\" width=\"817\" height=\"612\" data-id=\"4365\" src=\"https:\/\/www.gesw.de\/uploads\/lego1.jpg\" alt=\"\" class=\"wp-image-4365\" srcset=\"https:\/\/www.gesw.de\/uploads\/lego1.jpg 817w, https:\/\/www.gesw.de\/uploads\/lego1-300x225.jpg 300w, https:\/\/www.gesw.de\/uploads\/lego1-768x575.jpg 768w\" sizes=\"auto, (max-width: 817px) 100vw, 817px\" \/><\/a><\/figure>\n<\/figure>\n\n\n\n<p>Zum Auftakt am 22. Juni 2023 haben wir uns unter anderem Zukunftsentw\u00fcrfe gestaltet, die auf den Bildern begutachtet werden k\u00f6nnen.<\/p>\n","protected":false},"excerpt":{"rendered":"<p>Jannik Struckmeyer Die Corona-Pandemie bedeutete f\u00fcr uns als Bildungsinstitut \u00fcber einen langen Zeitraum hinweg eine gro\u00dfe Krise. \u00dcber viele Monate durften wir keine Kurse anbieten und mussten uns an stark ver\u00e4nderte Rahmenbedingungen anpassen. Angesichts der vergangenen Krisen und Umbr\u00fcche und der zuk\u00fcnftigen Aufgaben ist Resilienz f\u00fcr uns, das Gesamteurop\u00e4ische Studienwerk, ein zentrales Thema. Wir m\u00f6chten &#8230; <a title=\"F\u00f6rderung der Resilienz in Weiterbildungseinrichtungen\" class=\"read-more\" href=\"https:\/\/www.gesw.de\/index.php\/2023\/06\/27\/foerderung-der-resilienz-in-weiterbildungseinrichtungen\/\" aria-label=\"Mehr Informationen \u00fcber F\u00f6rderung der Resilienz in Weiterbildungseinrichtungen\">Weiterlesen<\/a><\/p>\n","protected":false},"author":9,"featured_media":0,"comment_status":"open","ping_status":"closed","sticky":false,"template":"","format":"standard","meta":{"ngg_post_thumbnail":0,"generate_page_header":"","footnotes":""},"categories":[4,5],"tags":[],"class_list":["post-4363","post","type-post","status-publish","format-standard","hentry","category-haus","category-politische-bildung"],"_links":{"self":[{"href":"https:\/\/www.gesw.de\/index.php\/wp-json\/wp\/v2\/posts\/4363","targetHints":{"allow":["GET"]}}],"collection":[{"href":"https:\/\/www.gesw.de\/index.php\/wp-json\/wp\/v2\/posts"}],"about":[{"href":"https:\/\/www.gesw.de\/index.php\/wp-json\/wp\/v2\/types\/post"}],"author":[{"embeddable":true,"href":"https:\/\/www.gesw.de\/index.php\/wp-json\/wp\/v2\/users\/9"}],"replies":[{"embeddable":true,"href":"https:\/\/www.gesw.de\/index.php\/wp-json\/wp\/v2\/comments?post=4363"}],"version-history":[{"count":3,"href":"https:\/\/www.gesw.de\/index.php\/wp-json\/wp\/v2\/posts\/4363\/revisions"}],"predecessor-version":[{"id":4535,"href":"https:\/\/www.gesw.de\/index.php\/wp-json\/wp\/v2\/posts\/4363\/revisions\/4535"}],"wp:attachment":[{"href":"https:\/\/www.gesw.de\/index.php\/wp-json\/wp\/v2\/media?parent=4363"}],"wp:term":[{"taxonomy":"category","embeddable":true,"href":"https:\/\/www.gesw.de\/index.php\/wp-json\/wp\/v2\/categories?post=4363"},{"taxonomy":"post_tag","embeddable":true,"href":"https:\/\/www.gesw.de\/index.php\/wp-json\/wp\/v2\/tags?post=4363"}],"curies":[{"name":"wp","href":"https:\/\/api.w.org\/{rel}","templated":true}]}}