{"id":4463,"date":"2023-11-22T01:51:35","date_gmt":"2023-11-21T23:51:35","guid":{"rendered":"https:\/\/www.gesw.de\/?p=4463"},"modified":"2023-12-30T17:46:39","modified_gmt":"2023-12-30T15:46:39","slug":"vergangenheit-gegenwart-zukunft","status":"publish","type":"post","link":"https:\/\/www.gesw.de\/index.php\/2023\/11\/22\/vergangenheit-gegenwart-zukunft\/","title":{"rendered":"Vergangenheit, Gegenwart, Zukunft"},"content":{"rendered":"\n<p><strong>Dr. Gerhard Sch\u00fcsselbauer<\/strong><\/p>\n\n\n\n<p><strong>Eine thematische Studienreise nach Auschwitz-Birkenau und Krakau mit dem Gymnasium Remigianum Borken<\/strong><\/p>\n\n\n\n<p>\u00dcber 40 Remigianer:innen brachen unter der Leitung von Dr. Gerhard Sch\u00fcsselbauer vom GESW e.V. Vlotho zu einer einw\u00f6chigen Bildungsreise nach Auschwitz-Birkenau und Krakau auf. Der Besuch der Gedenkst\u00e4tte ehemaliges KL Auschwitz-Birkenau bewegte die Sch\u00fcler:innen zutiefst. Sowohl im Stammlager Auschwitz als auch im Vernichtungslager in Birkenau wurde ihnen die unmenschliche Grausamkeit der nationalsozialistischen T\u00f6tungsmaschinerie deutlich gemacht, welche die Ermordung aller Juden Europas herbeif\u00fchren sollte. In anschlie\u00dfenden Workshops entstanden im wunderbaren Ambiente im Caf\u00e9 der historischen Krakauer Universit\u00e4t eindr\u00fcckliche Ergebnisse der Reflexionen \u00fcber den Holocaust und das Grauen im Dritten Reich.<\/p>\n\n\n\n<!--more-->\n\n\n\n<p><strong>Weil ich ein Jude bin<\/strong><\/p>\n\n\n\n<p>Dieser gro\u00dfe Mann<br>Er br\u00fcllt sie lauthals an<br>Aber warum?<\/p>\n\n\n\n<p>Meine Mutter eingefangen<br>Ich h\u00f6re sie um Gnade bangen<br>Aber warum?<\/p>\n\n\n\n<p>Jetzt zieht er sie von mir weg<br>Bezeichnet mich als Dreck<br>Aber warum?<\/p>\n\n\n\n<p>Unsere Freiheit genommen<br>Vor lauter Wasser seh ich nur verschwommen<br>Aber warum?<\/p>\n\n\n\n<p>Ich bemerk Blutflecken dort an der Wand<br>Neben Menschen die ich eigentlich gar nicht kannt<br>Aber warum?<\/p>\n\n\n\n<p>Jetzt zieht der Mann mich auch dorthin<br>Mein Tod scheinbar ein Gewinn<br>Aber warum?<br>Weil ich ein Jude bin.<\/p>\n\n\n\n<p><strong>Bis zum letzten Tanz<\/strong><\/p>\n\n\n\n<p>Frauen schreien, Sch\u00fcsse schallen<br>M\u00e4nner &#8211; wie sie alle fallen<br>Kinder ohne V\u00e4ter<br>Und die Gesellschaft der T\u00e4ter.<br>Leute ohne Glieder<br>singen ihre Lieder<br>aus Schreien und Schluchzen<br>verpflichtet weiter zu schuften<br>Tr\u00e4ume die sie hatten<br>gepr\u00e4gt von Angst<br>doch ihnen kein Friede gestattet<br>bis zum letzten Tanz.<br>Tod den M\u00e4nnern<br>die aufstehen und k\u00e4mpfen<br>und versuchen das Chaos zu bremsen.<br>Menschen mit durchgeschnittenen Kehlen<br>wom\u00f6glich Alle gute Seelen<\/p>\n\n\n\n<p><strong>Zukunft<\/strong><\/p>\n\n\n\n<p>Grausamkeit und Brutalit\u00e4t,<br>\u00fcberall wurde Hass ges\u00e4t.<br>Sich zu den Fehlern bekennen,<br>aus ihnen lernen,<br>nicht vor der Vergangenheit wegrennen,<br>die Zukunft muss besser werden.<br>Hand in Hand,<br>Land mit Land,<br>nicht allein,<br>sondern einander zugewandt.<br>Nach Frieden und einem gewaltlosen Leben,<br>danach sollten wir alle streben.<\/p>\n\n\n\n<div data-wp-interactive=\"core\/file\" class=\"wp-block-file\"><object data-wp-bind--hidden=\"!state.hasPdfPreview\" hidden class=\"wp-block-file__embed\" data=\"https:\/\/www.gesw.de\/uploads\/Schuelerergebnis3.pdf\" type=\"application\/pdf\" style=\"width:100%;height:600px\" aria-label=\"Einbettung von Sch\u00fclerergebnis3.\"><\/object><a id=\"wp-block-file--media-36c9e4d5-e4dc-4b0f-84eb-f8181fea471e\" href=\"https:\/\/www.gesw.de\/uploads\/Schuelerergebnis3.pdf\">Sch\u00fclerergebnis3<\/a><a href=\"https:\/\/www.gesw.de\/uploads\/Schuelerergebnis3.pdf\" class=\"wp-block-file__button wp-element-button\" download aria-describedby=\"wp-block-file--media-36c9e4d5-e4dc-4b0f-84eb-f8181fea471e\">Herunterladen<\/a><\/div>\n","protected":false},"excerpt":{"rendered":"<p>Dr. Gerhard Sch\u00fcsselbauer Eine thematische Studienreise nach Auschwitz-Birkenau und Krakau mit dem Gymnasium Remigianum Borken \u00dcber 40 Remigianer:innen brachen unter der Leitung von Dr. Gerhard Sch\u00fcsselbauer vom GESW e.V. Vlotho zu einer einw\u00f6chigen Bildungsreise nach Auschwitz-Birkenau und Krakau auf. Der Besuch der Gedenkst\u00e4tte ehemaliges KL Auschwitz-Birkenau bewegte die Sch\u00fcler:innen zutiefst. Sowohl im Stammlager Auschwitz als &#8230; <a title=\"Vergangenheit, Gegenwart, Zukunft\" class=\"read-more\" href=\"https:\/\/www.gesw.de\/index.php\/2023\/11\/22\/vergangenheit-gegenwart-zukunft\/\" aria-label=\"Mehr Informationen \u00fcber Vergangenheit, Gegenwart, Zukunft\">Weiterlesen<\/a><\/p>\n","protected":false},"author":5,"featured_media":0,"comment_status":"open","ping_status":"open","sticky":false,"template":"","format":"standard","meta":{"ngg_post_thumbnail":0,"generate_page_header":"","footnotes":""},"categories":[9],"tags":[],"class_list":["post-4463","post","type-post","status-publish","format-standard","hentry","category-seminarbericht"],"_links":{"self":[{"href":"https:\/\/www.gesw.de\/index.php\/wp-json\/wp\/v2\/posts\/4463","targetHints":{"allow":["GET"]}}],"collection":[{"href":"https:\/\/www.gesw.de\/index.php\/wp-json\/wp\/v2\/posts"}],"about":[{"href":"https:\/\/www.gesw.de\/index.php\/wp-json\/wp\/v2\/types\/post"}],"author":[{"embeddable":true,"href":"https:\/\/www.gesw.de\/index.php\/wp-json\/wp\/v2\/users\/5"}],"replies":[{"embeddable":true,"href":"https:\/\/www.gesw.de\/index.php\/wp-json\/wp\/v2\/comments?post=4463"}],"version-history":[{"count":2,"href":"https:\/\/www.gesw.de\/index.php\/wp-json\/wp\/v2\/posts\/4463\/revisions"}],"predecessor-version":[{"id":4527,"href":"https:\/\/www.gesw.de\/index.php\/wp-json\/wp\/v2\/posts\/4463\/revisions\/4527"}],"wp:attachment":[{"href":"https:\/\/www.gesw.de\/index.php\/wp-json\/wp\/v2\/media?parent=4463"}],"wp:term":[{"taxonomy":"category","embeddable":true,"href":"https:\/\/www.gesw.de\/index.php\/wp-json\/wp\/v2\/categories?post=4463"},{"taxonomy":"post_tag","embeddable":true,"href":"https:\/\/www.gesw.de\/index.php\/wp-json\/wp\/v2\/tags?post=4463"}],"curies":[{"name":"wp","href":"https:\/\/api.w.org\/{rel}","templated":true}]}}