{"id":4635,"date":"2024-04-12T21:19:02","date_gmt":"2024-04-12T19:19:02","guid":{"rendered":"https:\/\/www.gesw.de\/?p=4635"},"modified":"2024-05-03T11:26:26","modified_gmt":"2024-05-03T09:26:26","slug":"migr-action-moving-people-in-the-past-present-and-future","status":"publish","type":"post","link":"https:\/\/www.gesw.de\/index.php\/2024\/04\/12\/migr-action-moving-people-in-the-past-present-and-future\/","title":{"rendered":"MIGR-ACTION &#8211; Moving people in the past, present and future."},"content":{"rendered":"\n<p><strong>Bewirb dich f\u00fcr unser Austauschprojekt in Deutschland, Frankreich, Italien und Tunesien<\/strong><\/p>\n\n\n\n<p> <em>Das Gesamteurop\u00e4ische Studienwerk e.V. (GESW) schreibt das multilaterale Austauschprojekt \u201eMIGR-ACTION &#8211; Moving people in the past, present and future\u201c f\u00fcr junge Menschen aus Deutschland, Frankreich, Italien und Tunesien aus. Wir sind davon \u00fcberzeugt, dass Migration seit jeher unsere Gesellschaften pr\u00e4gt. Sie findet schon immer und st\u00e4ndig statt, ist also Normalit\u00e4t. Gleichwohl wird Migration h\u00e4ufig erst bei Problemen sichtbar oder wird angesichts von Konflikten thematisiert und diskutiert. Unser Programm m\u00f6chte ein Bewusstsein f\u00fcr das Thema Wanderungsbewegungen in Vergangenheit, Gegenwart und Zukunft schaffen und zu einer positiveren Betrachtungsweise auf Migration beitragen.<\/em><\/p>\n\n\n\n<!--more-->\n\n\n<div class=\"wp-block-image\">\n<figure class=\"alignright size-medium\"><img loading=\"lazy\" decoding=\"async\" width=\"225\" height=\"300\" src=\"https:\/\/www.gesw.de\/uploads\/Make_Love-225x300.jpg\" alt=\"\" class=\"wp-image-4637\" srcset=\"https:\/\/www.gesw.de\/uploads\/Make_Love-225x300.jpg 225w, https:\/\/www.gesw.de\/uploads\/Make_Love-768x1024.jpg 768w, https:\/\/www.gesw.de\/uploads\/Make_Love-1152x1536.jpg 1152w, https:\/\/www.gesw.de\/uploads\/Make_Love-1536x2048.jpg 1536w, https:\/\/www.gesw.de\/uploads\/Make_Love.jpg 1773w\" sizes=\"auto, (max-width: 225px) 100vw, 225px\" \/><\/figure>\n<\/div>\n\n\n<p>Im Mittelpunkt stehen die Fragen: Warum sind Menschen von einem Land in ein anderes gezogen? Welche Tr\u00e4ume, Hoffnungen und Sorgen hatten sie? Wie wurden sie in der neuen Heimat empfangen? Wie gelingt Integration heute?<\/p>\n\n\n\n<p>F\u00fcr dieses spannende Programm suchen wir interkulturell neugierige Menschen zwischen 18 und 26 Jahren (Auszubildende, Studierende, junge Berufsst\u00e4tige). Wir m\u00f6chten besonders Menschen mit Migrationshintergrund bzw. einer internationalen Geschichte zur Teilnahme ermutigen.<\/p>\n\n\n<div class=\"wp-block-image\">\n<figure class=\"alignleft size-medium\"><img loading=\"lazy\" decoding=\"async\" width=\"300\" height=\"300\" src=\"https:\/\/www.gesw.de\/uploads\/sculpture-171686_1280-300x300.jpg\" alt=\"\" class=\"wp-image-4641\" srcset=\"https:\/\/www.gesw.de\/uploads\/sculpture-171686_1280-300x300.jpg 300w, https:\/\/www.gesw.de\/uploads\/sculpture-171686_1280-1024x1024.jpg 1024w, https:\/\/www.gesw.de\/uploads\/sculpture-171686_1280-150x150.jpg 150w, https:\/\/www.gesw.de\/uploads\/sculpture-171686_1280-768x768.jpg 768w, https:\/\/www.gesw.de\/uploads\/sculpture-171686_1280.jpg 1280w\" sizes=\"auto, (max-width: 300px) 100vw, 300px\" \/><\/figure>\n<\/div>\n\n\n<p>Geplant sind vier Veranstaltungen: die erste vom 25.06. bis 03.07.2024 in Vlotho, Deutschland, die zweite vom 24.08. bis 01.09.2024 in Altamura, Italien, die dritte im April 2025 in Hammam Sousse, Tunesien und die vierte im Juli 2025 in Saint Beno\u00eet du Salt, Frankreich. Seminarsprache ist Englisch. Die Teilnahme an allen Programmteilen ist sehr erw\u00fcnscht. Auf dem Programm stehen u.a.: Workshops (z.B. Theater, Podcast, Ausstellung), Diskussionsrunden, Expert*innengespr\u00e4che und Ausfl\u00fcge in die Umgebung (siehe Infopaket).<\/p>\n\n\n\n<div class=\"wp-block-columns is-layout-flex wp-container-core-columns-is-layout-9d6595d7 wp-block-columns-is-layout-flex\">\n<div class=\"wp-block-column is-layout-flow wp-block-column-is-layout-flow\"><div class=\"wp-block-image\">\n<figure class=\"aligncenter size-large\"><img loading=\"lazy\" decoding=\"async\" width=\"1024\" height=\"210\" src=\"https:\/\/www.gesw.de\/uploads\/logosbeneficaireserasmusright_en-1-1024x210.jpg\" alt=\"\" class=\"wp-image-4639\" srcset=\"https:\/\/www.gesw.de\/uploads\/logosbeneficaireserasmusright_en-1-1024x210.jpg 1024w, https:\/\/www.gesw.de\/uploads\/logosbeneficaireserasmusright_en-1-300x62.jpg 300w, https:\/\/www.gesw.de\/uploads\/logosbeneficaireserasmusright_en-1-768x158.jpg 768w, https:\/\/www.gesw.de\/uploads\/logosbeneficaireserasmusright_en-1-1536x315.jpg 1536w, https:\/\/www.gesw.de\/uploads\/logosbeneficaireserasmusright_en-1-2048x420.jpg 2048w\" sizes=\"auto, (max-width: 1024px) 100vw, 1024px\" \/><\/figure>\n<\/div><\/div>\n<\/div>\n\n\n\n<p>Unter der Voraussetzung, dass die beantragten F\u00f6rdergelder bewilligt werden, betr\u00e4gt der Teilnehmerbeitrag f\u00fcr <em>jede<\/em> Einzelveranstaltung bei F\u00f6rderung durch Erasmus+ und DFJW 50 Euro. Darin sind enthalten Kosten f\u00fcr Unterbringung und Verpflegung sowie Programm. Reisekosten werden teilweise erstattet und sind abh\u00e4ngig von der Entfernung zum Seminarort.<\/p>\n\n\n<div class=\"wp-block-image\">\n<figure class=\"alignright size-medium\"><img loading=\"lazy\" decoding=\"async\" width=\"300\" height=\"300\" src=\"https:\/\/www.gesw.de\/uploads\/LOGO_OFAJ_CARTOUCHE_RVB_BLEU-300x300.jpg\" alt=\"\" class=\"wp-image-4650\" srcset=\"https:\/\/www.gesw.de\/uploads\/LOGO_OFAJ_CARTOUCHE_RVB_BLEU-300x300.jpg 300w, https:\/\/www.gesw.de\/uploads\/LOGO_OFAJ_CARTOUCHE_RVB_BLEU-1024x1024.jpg 1024w, https:\/\/www.gesw.de\/uploads\/LOGO_OFAJ_CARTOUCHE_RVB_BLEU-150x150.jpg 150w, https:\/\/www.gesw.de\/uploads\/LOGO_OFAJ_CARTOUCHE_RVB_BLEU-768x768.jpg 768w, https:\/\/www.gesw.de\/uploads\/LOGO_OFAJ_CARTOUCHE_RVB_BLEU.jpg 1181w\" sizes=\"auto, (max-width: 300px) 100vw, 300px\" \/><\/figure>\n<\/div>\n\n\n<p>Derzeit nehmen wir Bewerbungen f\u00fcr die Aufenthalte in Vlotho und Altamura entgegen.<\/p>\n\n\n\n<p>Hast du Lust auf neue Einblicke und Erfahrungen? Dann bewirb dich und sende das <strong><a href=\"https:\/\/www.gesw.de\/uploads\/Application-form_MIGR-ACTION-1.pdf\">Anmeldeformular<\/a> ausgef\u00fcllt bis zum 10.05.24<\/strong> an Navina Engelage <a href=\"mailto:navina.engelage@gesw.de\">navina.engelage@gesw.de<\/a><\/p>\n\n\n\n<p>Wir werden uns die Bewerbungen genau ansehen. Aus Zeitgr\u00fcnden werden wir jedoch auch das Prinzip &#8222;First come, first serve&#8220; anwenden. Wir freuen uns sehr auf deine Bewerbung.<\/p>\n\n\n\n<p><a href=\"https:\/\/www.gesw.de\/uploads\/MIGR-ACTION-Info-1.pdf\" data-type=\"link\" data-id=\"migr-action-info.pdf\">Programm und Infopaket auf Englisch<\/a><\/p>\n\n\n\n<p><a href=\"https:\/\/www.gesw.de\/uploads\/Application-form_MIGR-ACTION-1.pdf\">Anmeldeformular<\/a><\/p>\n","protected":false},"excerpt":{"rendered":"<p>Bewirb dich f\u00fcr unser Austauschprojekt in Deutschland, Frankreich, Italien und Tunesien Das Gesamteurop\u00e4ische Studienwerk e.V. (GESW) schreibt das multilaterale Austauschprojekt \u201eMIGR-ACTION &#8211; Moving people in the past, present and future\u201c f\u00fcr junge Menschen aus Deutschland, Frankreich, Italien und Tunesien aus. Wir sind davon \u00fcberzeugt, dass Migration seit jeher unsere Gesellschaften pr\u00e4gt. Sie findet schon immer &#8230; <a title=\"MIGR-ACTION &#8211; Moving people in the past, present and future.\" class=\"read-more\" href=\"https:\/\/www.gesw.de\/index.php\/2024\/04\/12\/migr-action-moving-people-in-the-past-present-and-future\/\" aria-label=\"Mehr Informationen \u00fcber MIGR-ACTION &#8211; Moving people in the past, present and future.\">Weiterlesen<\/a><\/p>\n","protected":false},"author":6,"featured_media":0,"comment_status":"open","ping_status":"open","sticky":false,"template":"","format":"standard","meta":{"ngg_post_thumbnail":0,"generate_page_header":"","footnotes":""},"categories":[1,4,5],"tags":[65,146,51,52,124,33,66,84,29,137,24],"class_list":["post-4635","post","type-post","status-publish","format-standard","hentry","category-allgemein","category-haus","category-politische-bildung","tag-ausland","tag-ausschreibung","tag-austausch","tag-begegnung","tag-erasmus-plus","tag-gesw","tag-geswabroad","tag-interkulturelles","tag-internationales","tag-jugendaustausch","tag-politik"],"_links":{"self":[{"href":"https:\/\/www.gesw.de\/index.php\/wp-json\/wp\/v2\/posts\/4635","targetHints":{"allow":["GET"]}}],"collection":[{"href":"https:\/\/www.gesw.de\/index.php\/wp-json\/wp\/v2\/posts"}],"about":[{"href":"https:\/\/www.gesw.de\/index.php\/wp-json\/wp\/v2\/types\/post"}],"author":[{"embeddable":true,"href":"https:\/\/www.gesw.de\/index.php\/wp-json\/wp\/v2\/users\/6"}],"replies":[{"embeddable":true,"href":"https:\/\/www.gesw.de\/index.php\/wp-json\/wp\/v2\/comments?post=4635"}],"version-history":[{"count":9,"href":"https:\/\/www.gesw.de\/index.php\/wp-json\/wp\/v2\/posts\/4635\/revisions"}],"predecessor-version":[{"id":4659,"href":"https:\/\/www.gesw.de\/index.php\/wp-json\/wp\/v2\/posts\/4635\/revisions\/4659"}],"wp:attachment":[{"href":"https:\/\/www.gesw.de\/index.php\/wp-json\/wp\/v2\/media?parent=4635"}],"wp:term":[{"taxonomy":"category","embeddable":true,"href":"https:\/\/www.gesw.de\/index.php\/wp-json\/wp\/v2\/categories?post=4635"},{"taxonomy":"post_tag","embeddable":true,"href":"https:\/\/www.gesw.de\/index.php\/wp-json\/wp\/v2\/tags?post=4635"}],"curies":[{"name":"wp","href":"https:\/\/api.w.org\/{rel}","templated":true}]}}