{"id":5082,"date":"2025-10-22T17:43:42","date_gmt":"2025-10-22T15:43:42","guid":{"rendered":"https:\/\/www.gesw.de\/?p=5082"},"modified":"2025-10-22T17:43:43","modified_gmt":"2025-10-22T15:43:43","slug":"literaturnobelpreistraeger-laszlo-krasznahorkai-und-die-champions-league-der-europaeischen-literatur","status":"publish","type":"post","link":"https:\/\/www.gesw.de\/index.php\/2025\/10\/22\/literaturnobelpreistraeger-laszlo-krasznahorkai-und-die-champions-league-der-europaeischen-literatur\/","title":{"rendered":"Literaturnobelpreistr\u00e4ger L\u00e1szl\u00f3 Krasznahorkai und die Champions League der europ\u00e4ischen Literatur"},"content":{"rendered":"\n<p><strong>Dr. Gerhard Sch\u00fcsselbauer<\/strong><\/p>\n\n\n\n<p>\u201e<em>Was man in der Sch\u00f6nheit einfangen sollte, ist das, was t\u00fcckisch und unwiderstehlich ist.\u201c (L\u00e1szl\u00f3 Krasznahorkai, Krieg und Krieg)<\/em><\/p>\n\n\n\n<p>EU-ropa ist nicht nur der Binnenmarkt oder eine Rechtsgemeinschaft oder der ph\u00e4nomenal kommerzialisierte Fu\u00dfball, sondern in der Wahrnehmung vieler Menschen ein kreativer Raum geistiger Frische. Vor allem die mannigfaltige Vielfalt europ\u00e4ischer Literatur ragt heraus. Europa ist der Kulturraum mit den mit Abstand meisten Nobelpreisen f\u00fcr Literatur. F\u00fcr viele erf\u00e4hrt das Buch in diesen schwierigen Krisenzeiten gleichsam eine Renaissance. In der Champions League der sch\u00f6nen Literatur finden wir eine unglaubliche F\u00fclle an horizonterweiternden Romanen.<\/p>\n\n\n\n<!--more-->\n\n\n\n<p>Ausgerechnet <strong>L\u00e1szl\u00f3 Krasznahorkai, <\/strong>ein wenig das enfant terrible der europ\u00e4ischen Literatur, erh\u00e4lt nun 2025 die h\u00f6chste Auszeichnung f\u00fcr literarisches Schaffen. Vor allem <strong>Satanstango, Melancholie des Widerstands<\/strong>, aber auch <strong>Krieg und Krieg<\/strong> sowie der Erz\u00e4hlband <strong>Seiobo auf Erden<\/strong> ragen aus seinem Werk heraus. Geradezu kongenial ist bzw. war die Zusammenarbeit mit dem ebenfalls ungarischen Regisseur B\u00e9la Tarr, f\u00fcr den er die Drehb\u00fccher geschrieben hat. Das monumentale Filmwerk <strong>S\u00e1t\u00e1ntang\u00f3<\/strong> (Satanstango) gilt unter Cineasten als Meilenstein der Filmgeschichte. Der Film dauert 450 Minuten, so lange wie man braucht, um bei normaler Lesegeschwindigkeit den Roman zu lesen. Vielleicht sollte man beides parallel versuchen\u2026 Absurdit\u00e4t, Trostlosigkeit, Endlichkeit der Existenz, aber auch die immerw\u00e4hrende Suche nach Erl\u00f6sung pr\u00e4gen sein Werk ebenso wie die apokalyptische, postkommunistische Welt. Vor allem seine erlesene Sprache sticht hervor, gleichsam eine Herausforderung f\u00fcr jede\/n \u00dcbersetzer\/in aus dem Ungarischen, einer Sprache, die wegen ihrer lexikalischen Semantik und Grammatik durchaus Besonderheiten, besonders bei der Verbbildung aufweist.<\/p>\n\n\n\n<p>Wegen der geschlechterreflektierten Vergabe des Nobelpreises, bei der dar\u00fcber hinaus auch die unterschiedlichen Weltregionen ber\u00fccksichtigt werden m\u00fcssen, wird es wohl noch etwas dauern, bis wieder ein\/e Europ\u00e4er\/in den Literaturpreisnobelpreis in Empfang nehmen kann. Das sind eher schlechte Nachrichten f\u00fcr einen anderen f\u00fchrenden, mittlerweile 83-j\u00e4hrigen Schriftsteller aus Ungarn. <strong>P\u00e9ter N\u00e1das <\/strong>hat mit seinen Romanen<strong> Parallelgeschichten, Buch der Erinnerung <\/strong>und<strong> Aufleuchtende Details <\/strong>zweifellos Ma\u00dfst\u00e4be gesetzt. 18 Jahre hat der Ungar <strong>P\u00e9ter N\u00e1das<\/strong> f\u00fcr seine <strong>Parallelgeschichten<\/strong> gebraucht, um einen der fantastischsten und schwierigsten Romane der letzten 25 Jahre zu vollenden. Geschichten ohne Anfang und Ende und doch schneiden sich die Parallelen in der Unendlichkeit wie in der h\u00f6heren Mathematik. Er entbl\u00f6\u00dft K\u00f6rper und Seele g\u00e4nzlich, nichts bleibt verborgen oder wird geschont.<\/p>\n\n\n\n<p>Viel besser sieht es schon f\u00fcr den 1956 geborenen <strong>Mircea C\u0103rt\u0103rescu <\/strong>aus, dennzweifellos ist er ein kommender Nobelpreistr\u00e4ger f\u00fcr Literatur.<strong> Die Wissenden, Der K\u00f6rper, Die Fl\u00fcgel, Solenoid <\/strong>\u2013 mit diesen Werken setzt sichder moderne Marcel Proust an die Spitze der Bewusstseinsstrom-Literatur. Seine Orbitor-Trilogie <strong>Die Wissenden, Der K\u00f6rper, Die Fl\u00fcgel <\/strong>sowie das letzte Werk <strong>Solenoid <\/strong>sind beispiellos in der Weltliteratur. Ihm reichen starker Kaffee, Papier und ein Kugelschreiber f\u00fcr seine existenzialistischen Impressionen \u00fcber das Ich in der (sozialistischen) Welt.<\/p>\n\n\n\n<p>Aber zun\u00e4chst darf Ungarn L\u00e1szl\u00f3 Krasznahorkai feiern, denn ohne Zweifel ist er wegen seiner sprachlichen Eleganz und thematischen Vielfalt ein ganz w\u00fcrdiger Tr\u00e4ger des diesj\u00e4hrigen Preises.<\/p>\n\n\n\n<p>Kleine Anekdote am Rande: Einen Tag nach Bekanntgabe der Entscheidung des Nobelpreiskomitees fuhr ich in der Budapester Metro und entdeckte einen \u00e4lteren Mann, der Krasznahorkai t\u00e4uschend \u00e4hnlich sah. Wir mussten lachen, weil ich die \u00e4u\u00dferliche \u00c4hnlichkeit erw\u00e4hnte und konnten uns beide wunderbar \u00fcber den Preis f\u00fcr Krasznahorkai freuen.<\/p>\n\n\n\n<figure class=\"wp-block-image size-full\"><img loading=\"lazy\" decoding=\"async\" width=\"750\" height=\"562\" src=\"https:\/\/www.gesw.de\/uploads\/streetart.jpg\" alt=\"\" class=\"wp-image-5083\" srcset=\"https:\/\/www.gesw.de\/uploads\/streetart.jpg 750w, https:\/\/www.gesw.de\/uploads\/streetart-300x225.jpg 300w\" sizes=\"auto, (max-width: 750px) 100vw, 750px\" \/><figcaption class=\"wp-element-caption\"><br><strong>Street Art in Budapest, Foto: Sophie Omog<\/strong><\/figcaption><\/figure>\n","protected":false},"excerpt":{"rendered":"<p>Dr. Gerhard Sch\u00fcsselbauer \u201eWas man in der Sch\u00f6nheit einfangen sollte, ist das, was t\u00fcckisch und unwiderstehlich ist.\u201c (L\u00e1szl\u00f3 Krasznahorkai, Krieg und Krieg) EU-ropa ist nicht nur der Binnenmarkt oder eine Rechtsgemeinschaft oder der ph\u00e4nomenal kommerzialisierte Fu\u00dfball, sondern in der Wahrnehmung vieler Menschen ein kreativer Raum geistiger Frische. Vor allem die mannigfaltige Vielfalt europ\u00e4ischer Literatur ragt &#8230; <a title=\"Literaturnobelpreistr\u00e4ger L\u00e1szl\u00f3 Krasznahorkai und die Champions League der europ\u00e4ischen Literatur\" class=\"read-more\" href=\"https:\/\/www.gesw.de\/index.php\/2025\/10\/22\/literaturnobelpreistraeger-laszlo-krasznahorkai-und-die-champions-league-der-europaeischen-literatur\/\" aria-label=\"Mehr Informationen \u00fcber Literaturnobelpreistr\u00e4ger L\u00e1szl\u00f3 Krasznahorkai und die Champions League der europ\u00e4ischen Literatur\">Weiterlesen<\/a><\/p>\n","protected":false},"author":5,"featured_media":0,"comment_status":"open","ping_status":"open","sticky":false,"template":"","format":"standard","meta":{"ngg_post_thumbnail":0,"generate_page_header":"","footnotes":""},"categories":[1,53,5],"tags":[],"class_list":["post-5082","post","type-post","status-publish","format-standard","hentry","category-allgemein","category-kultur-und-gesellschaft","category-politische-bildung"],"_links":{"self":[{"href":"https:\/\/www.gesw.de\/index.php\/wp-json\/wp\/v2\/posts\/5082","targetHints":{"allow":["GET"]}}],"collection":[{"href":"https:\/\/www.gesw.de\/index.php\/wp-json\/wp\/v2\/posts"}],"about":[{"href":"https:\/\/www.gesw.de\/index.php\/wp-json\/wp\/v2\/types\/post"}],"author":[{"embeddable":true,"href":"https:\/\/www.gesw.de\/index.php\/wp-json\/wp\/v2\/users\/5"}],"replies":[{"embeddable":true,"href":"https:\/\/www.gesw.de\/index.php\/wp-json\/wp\/v2\/comments?post=5082"}],"version-history":[{"count":1,"href":"https:\/\/www.gesw.de\/index.php\/wp-json\/wp\/v2\/posts\/5082\/revisions"}],"predecessor-version":[{"id":5084,"href":"https:\/\/www.gesw.de\/index.php\/wp-json\/wp\/v2\/posts\/5082\/revisions\/5084"}],"wp:attachment":[{"href":"https:\/\/www.gesw.de\/index.php\/wp-json\/wp\/v2\/media?parent=5082"}],"wp:term":[{"taxonomy":"category","embeddable":true,"href":"https:\/\/www.gesw.de\/index.php\/wp-json\/wp\/v2\/categories?post=5082"},{"taxonomy":"post_tag","embeddable":true,"href":"https:\/\/www.gesw.de\/index.php\/wp-json\/wp\/v2\/tags?post=5082"}],"curies":[{"name":"wp","href":"https:\/\/api.w.org\/{rel}","templated":true}]}}